{"id":1132,"date":"2021-07-02T15:17:35","date_gmt":"2021-07-02T14:17:35","guid":{"rendered":"https:\/\/dev.jf-alferce.pt\/?p=1132"},"modified":"2023-07-29T13:34:31","modified_gmt":"2023-07-29T12:34:31","slug":"espelho-de-agua-aberto-a-partir-de-dia-3-de-julho-de-2021","status":"publish","type":"post","link":"https:\/\/jf-alferce.pt\/?p=1132","title":{"rendered":"Espelho de \u00c1gua aberto a partir de dia 3 de Julho de 2021"},"content":{"rendered":"<p>O espa\u00e7o publico &#8220;Espelho de \u00c1gua de Alferce&#8221; estar\u00e1 aberto a partir de dia 3 de Julho de 2021.<\/p>\n<p>Devido \u00e0 Pandemia COVID-19 existem condicionantes de seguran\u00e7a a respeitar, nomeadamente a restri\u00e7\u00e3o de acesso apenas a residentes da Freguesia de Alferce e a pessoas a passar f\u00e9rias no territ\u00f3rio desta. O acesso ser\u00e1 controlado e restrito a pessoas com marca\u00e7\u00e3o pr\u00e9via.<\/p>\n<p>Para informa\u00e7\u00f5es detalhadas sobre o funcionamento do recinto por favor leia com a aten\u00e7\u00e3o o <a href=\"\/wp-content\/uploads\/2021\/07\/20210714095350757.pdf\" target=\"_blank\" rel=\"noopener\">EDITAL N\u00ba 5\/2021<\/a>.<\/p>\n","protected":false},"excerpt":{"rendered":"<p>O espa\u00e7o publico &#8220;Espelho de \u00c1gua de Alferce&#8221; estar\u00e1 aberto a partir de dia 3 de Julho de 2021. Devido \u00e0 Pandemia COVID-19 existem condicionantes de seguran\u00e7a a respeitar, nomeadamente a restri\u00e7\u00e3o de acesso apenas a residentes da Freguesia de Alferce e a pessoas a passar f\u00e9rias no territ\u00f3rio desta. O acesso ser\u00e1 controlado e [&hellip;]<\/p>\n","protected":false},"author":1,"featured_media":818,"comment_status":"closed","ping_status":"closed","sticky":false,"template":"","format":"standard","meta":{"footnotes":""},"categories":[5],"tags":[],"class_list":["post-1132","post","type-post","status-publish","format-standard","has-post-thumbnail","hentry","category-destaques"],"_links":{"self":[{"href":"https:\/\/jf-alferce.pt\/index.php?rest_route=\/wp\/v2\/posts\/1132","targetHints":{"allow":["GET"]}}],"collection":[{"href":"https:\/\/jf-alferce.pt\/index.php?rest_route=\/wp\/v2\/posts"}],"about":[{"href":"https:\/\/jf-alferce.pt\/index.php?rest_route=\/wp\/v2\/types\/post"}],"author":[{"embeddable":true,"href":"https:\/\/jf-alferce.pt\/index.php?rest_route=\/wp\/v2\/users\/1"}],"replies":[{"embeddable":true,"href":"https:\/\/jf-alferce.pt\/index.php?rest_route=%2Fwp%2Fv2%2Fcomments&post=1132"}],"version-history":[{"count":4,"href":"https:\/\/jf-alferce.pt\/index.php?rest_route=\/wp\/v2\/posts\/1132\/revisions"}],"predecessor-version":[{"id":1323,"href":"https:\/\/jf-alferce.pt\/index.php?rest_route=\/wp\/v2\/posts\/1132\/revisions\/1323"}],"wp:featuredmedia":[{"embeddable":true,"href":"https:\/\/jf-alferce.pt\/index.php?rest_route=\/wp\/v2\/media\/818"}],"wp:attachment":[{"href":"https:\/\/jf-alferce.pt\/index.php?rest_route=%2Fwp%2Fv2%2Fmedia&parent=1132"}],"wp:term":[{"taxonomy":"category","embeddable":true,"href":"https:\/\/jf-alferce.pt\/index.php?rest_route=%2Fwp%2Fv2%2Fcategories&post=1132"},{"taxonomy":"post_tag","embeddable":true,"href":"https:\/\/jf-alferce.pt\/index.php?rest_route=%2Fwp%2Fv2%2Ftags&post=1132"}],"curies":[{"name":"wp","href":"https:\/\/api.w.org\/{rel}","templated":true}]}}