{"id":1423,"date":"2022-03-20T21:34:51","date_gmt":"2022-03-20T21:34:51","guid":{"rendered":"https:\/\/jf-alferce.pt\/?p=1423"},"modified":"2023-07-29T13:35:16","modified_gmt":"2023-07-29T12:35:16","slug":"alojamento-local-de-aves","status":"publish","type":"post","link":"https:\/\/jf-alferce.pt\/?p=1423","title":{"rendered":"Alojamento Local de Aves"},"content":{"rendered":"<p>A Associa\u00e7\u00e3o Vita Nativa-Conserva\u00e7\u00e3o do Ambiente est\u00e1 a promover um projeto denominado \u201cAlojamento Local de Aves\u201d, que visa o desenvolvimento de a\u00e7\u00f5es destinadas a potenciar a fixa\u00e7\u00e3o de mais aves em meio urbano, atrav\u00e9s da instala\u00e7\u00e3o de caixas-ninho.<\/p>\n<p>No \u00e2mbito do projeto foi estabelecido um protocolo de colabora\u00e7\u00e3o com a Freguesia de Alferce, no sentido de apoiar este projeto, permitindo instalar as caixas-ninho, em lugares p\u00fablicos e, manter durante um per\u00edodo de tempo.<\/p>\n<p>O projeto est\u00e1 em desenvolvimento, foi realizado um Workshop no Centro de Dia de Alferce, onde os utentes colaboraram na constru\u00e7\u00e3o e aplica\u00e7\u00e3o das referidas caixas-ninho.<\/p>\n<p>De acordo com a informa\u00e7\u00e3o da Associa\u00e7\u00e3o Vita Nativa, o alojamento local de aves, j\u00e1 est\u00e1 a emitir imagens via online, para aceder \u00e0s mesmas basta que visitem o seguinte link: <a href=\"https:\/\/videocast.fccn.pt\/live\/fccn\/estorninho_preto\" target=\"_blank\" rel=\"noopener\">https:\/\/videocast.fccn.pt\/live\/fccn\/estorninho_preto<\/a>.<\/p>\n","protected":false},"excerpt":{"rendered":"<p>A Associa\u00e7\u00e3o Vita Nativa-Conserva\u00e7\u00e3o do Ambiente est\u00e1 a promover um projeto denominado \u201cAlojamento Local de Aves\u201d, que visa o desenvolvimento de a\u00e7\u00f5es destinadas a potenciar a fixa\u00e7\u00e3o de mais aves em meio urbano, atrav\u00e9s da instala\u00e7\u00e3o de caixas-ninho. No \u00e2mbito do projeto foi estabelecido um protocolo de colabora\u00e7\u00e3o com a Freguesia de Alferce, no sentido [&hellip;]<\/p>\n","protected":false},"author":1,"featured_media":1424,"comment_status":"closed","ping_status":"open","sticky":false,"template":"","format":"standard","meta":{"footnotes":""},"categories":[5],"tags":[],"class_list":["post-1423","post","type-post","status-publish","format-standard","has-post-thumbnail","hentry","category-destaques"],"_links":{"self":[{"href":"https:\/\/jf-alferce.pt\/index.php?rest_route=\/wp\/v2\/posts\/1423","targetHints":{"allow":["GET"]}}],"collection":[{"href":"https:\/\/jf-alferce.pt\/index.php?rest_route=\/wp\/v2\/posts"}],"about":[{"href":"https:\/\/jf-alferce.pt\/index.php?rest_route=\/wp\/v2\/types\/post"}],"author":[{"embeddable":true,"href":"https:\/\/jf-alferce.pt\/index.php?rest_route=\/wp\/v2\/users\/1"}],"replies":[{"embeddable":true,"href":"https:\/\/jf-alferce.pt\/index.php?rest_route=%2Fwp%2Fv2%2Fcomments&post=1423"}],"version-history":[{"count":1,"href":"https:\/\/jf-alferce.pt\/index.php?rest_route=\/wp\/v2\/posts\/1423\/revisions"}],"predecessor-version":[{"id":1425,"href":"https:\/\/jf-alferce.pt\/index.php?rest_route=\/wp\/v2\/posts\/1423\/revisions\/1425"}],"wp:featuredmedia":[{"embeddable":true,"href":"https:\/\/jf-alferce.pt\/index.php?rest_route=\/wp\/v2\/media\/1424"}],"wp:attachment":[{"href":"https:\/\/jf-alferce.pt\/index.php?rest_route=%2Fwp%2Fv2%2Fmedia&parent=1423"}],"wp:term":[{"taxonomy":"category","embeddable":true,"href":"https:\/\/jf-alferce.pt\/index.php?rest_route=%2Fwp%2Fv2%2Fcategories&post=1423"},{"taxonomy":"post_tag","embeddable":true,"href":"https:\/\/jf-alferce.pt\/index.php?rest_route=%2Fwp%2Fv2%2Ftags&post=1423"}],"curies":[{"name":"wp","href":"https:\/\/api.w.org\/{rel}","templated":true}]}}