{"id":1472,"date":"2022-07-07T13:05:39","date_gmt":"2022-07-07T12:05:39","guid":{"rendered":"https:\/\/jf-alferce.pt\/?p=1472"},"modified":"2023-07-29T13:35:26","modified_gmt":"2023-07-29T12:35:26","slug":"comunidades-sustentaveis-projeto-turistico-aplicado-as-aldeias-do-barrocal-algarvio","status":"publish","type":"post","link":"https:\/\/jf-alferce.pt\/?p=1472","title":{"rendered":"Comunidades sustent\u00e1veis &#8211; Projeto Tur\u00edstico Aplicado \u00e0s Aldeias do Barrocal Algarvio"},"content":{"rendered":"<p><strong>Projeto Tur\u00edstico Aplicado \u00e0s Aldeias do Barrocal Algarvio<\/strong><\/p>\n<p>Promovido pelo ISMAT \u2013 Instituto Superior Manuel Teixeira Gomes \u2013 Campus Portim\u00e3o<\/p>\n<p>&nbsp;<\/p>\n<p><strong>Apresenta\u00e7\u00e3o da 1\u00aa Edi\u00e7\u00e3o<\/strong><\/p>\n<p><a href=\"https:\/\/jf-alferce.pt\/wp-content\/uploads\/2022\/07\/Alferce-on-Wheels.pdf\" target=\"_blank\" rel=\"noopener\">Alferce on Wheels<\/a><\/p>\n<p><a href=\"https:\/\/jf-alferce.pt\/wp-content\/uploads\/2022\/07\/ApiResort-Alferce-be-yourself-again-in-nature.pdf\" target=\"_blank\" rel=\"noopener\">ApiResort Alferce &#8211; be yourself again in nature<\/a><\/p>\n<p><a href=\"https:\/\/jf-alferce.pt\/wp-content\/uploads\/2022\/07\/Desporto-Alferce-Ativo.pdf\" target=\"_blank\" rel=\"noopener\">Desporto Alferce Ativo<\/a><\/p>\n<p><a href=\"https:\/\/jf-alferce.pt\/wp-content\/uploads\/2022\/07\/Promover-a-Sustentabilidade-Positiva-Alferce.pdf\" target=\"_blank\" rel=\"noopener\">Promover a Sustentabilidade Positiva &#8211; Alferce<\/a><\/p>\n<p><a href=\"https:\/\/jf-alferce.pt\/wp-content\/uploads\/2022\/07\/Promover-a-Sustentabilidade-Positiva-Alferce-Mexilhoeira-Grande-Budens-e-Burgau.pdf\" target=\"_blank\" rel=\"noopener\">Promover a Sustentabilidade Positiva &#8211; Alferce, Mexilhoeira Grande, Budens e Burgau<\/a><\/p>\n","protected":false},"excerpt":{"rendered":"<p>Projeto Tur\u00edstico Aplicado \u00e0s Aldeias do Barrocal Algarvio Promovido pelo ISMAT \u2013 Instituto Superior Manuel Teixeira Gomes \u2013 Campus Portim\u00e3o &nbsp; Apresenta\u00e7\u00e3o da 1\u00aa Edi\u00e7\u00e3o Alferce on Wheels ApiResort Alferce &#8211; be yourself again in nature Desporto Alferce Ativo Promover a Sustentabilidade Positiva &#8211; Alferce Promover a Sustentabilidade Positiva &#8211; Alferce, Mexilhoeira Grande, Budens e [&hellip;]<\/p>\n","protected":false},"author":1,"featured_media":937,"comment_status":"closed","ping_status":"open","sticky":false,"template":"","format":"standard","meta":{"footnotes":""},"categories":[5],"tags":[],"class_list":["post-1472","post","type-post","status-publish","format-standard","has-post-thumbnail","hentry","category-destaques"],"_links":{"self":[{"href":"https:\/\/jf-alferce.pt\/index.php?rest_route=\/wp\/v2\/posts\/1472","targetHints":{"allow":["GET"]}}],"collection":[{"href":"https:\/\/jf-alferce.pt\/index.php?rest_route=\/wp\/v2\/posts"}],"about":[{"href":"https:\/\/jf-alferce.pt\/index.php?rest_route=\/wp\/v2\/types\/post"}],"author":[{"embeddable":true,"href":"https:\/\/jf-alferce.pt\/index.php?rest_route=\/wp\/v2\/users\/1"}],"replies":[{"embeddable":true,"href":"https:\/\/jf-alferce.pt\/index.php?rest_route=%2Fwp%2Fv2%2Fcomments&post=1472"}],"version-history":[{"count":4,"href":"https:\/\/jf-alferce.pt\/index.php?rest_route=\/wp\/v2\/posts\/1472\/revisions"}],"predecessor-version":[{"id":1481,"href":"https:\/\/jf-alferce.pt\/index.php?rest_route=\/wp\/v2\/posts\/1472\/revisions\/1481"}],"wp:featuredmedia":[{"embeddable":true,"href":"https:\/\/jf-alferce.pt\/index.php?rest_route=\/wp\/v2\/media\/937"}],"wp:attachment":[{"href":"https:\/\/jf-alferce.pt\/index.php?rest_route=%2Fwp%2Fv2%2Fmedia&parent=1472"}],"wp:term":[{"taxonomy":"category","embeddable":true,"href":"https:\/\/jf-alferce.pt\/index.php?rest_route=%2Fwp%2Fv2%2Fcategories&post=1472"},{"taxonomy":"post_tag","embeddable":true,"href":"https:\/\/jf-alferce.pt\/index.php?rest_route=%2Fwp%2Fv2%2Ftags&post=1472"}],"curies":[{"name":"wp","href":"https:\/\/api.w.org\/{rel}","templated":true}]}}