{"id":1482,"date":"2022-07-07T13:23:42","date_gmt":"2022-07-07T12:23:42","guid":{"rendered":"https:\/\/jf-alferce.pt\/?p=1482"},"modified":"2023-07-29T13:35:34","modified_gmt":"2023-07-29T12:35:34","slug":"espaco-de-lazer-espelho-de-agua-piscina-aberto-a-partir-de-dia-15-de-junho-de-2022","status":"publish","type":"post","link":"https:\/\/jf-alferce.pt\/?p=1482","title":{"rendered":"Espa\u00e7o de lazer &#8220;Espelho de \u00c1gua&#8221; &#8211; Piscina &#8211; Aberto a partir de dia 15 de Junho de 2022"},"content":{"rendered":"<p>O espa\u00e7o publico &#8220;Espelho de \u00c1gua de Alferce&#8221; estar\u00e1 aberto a partir de dia 15 de Junho de 2022.<\/p>\n<p><strong>Hor\u00e1rio de funcionamento:<br \/>\n<\/strong>De ter\u00e7a a domingo entre as 14H00 e as 19H00 horas (encerrado \u00e0 segunda-feira).<\/p>\n<p>Para informa\u00e7\u00f5es detalhadas sobre o funcionamento do recinto por favor leia com a aten\u00e7\u00e3o o <a href=\"https:\/\/jf-alferce.pt\/wp-content\/uploads\/2022\/06\/EDITAL_7-2022.pdf\" target=\"_blank\" rel=\"noopener\">EDITAL_7-2022<\/a>.<\/p>\n","protected":false},"excerpt":{"rendered":"<p>O espa\u00e7o publico &#8220;Espelho de \u00c1gua de Alferce&#8221; estar\u00e1 aberto a partir de dia 15 de Junho de 2022. Hor\u00e1rio de funcionamento: De ter\u00e7a a domingo entre as 14H00 e as 19H00 horas (encerrado \u00e0 segunda-feira). Para informa\u00e7\u00f5es detalhadas sobre o funcionamento do recinto por favor leia com a aten\u00e7\u00e3o o EDITAL_7-2022.<\/p>\n","protected":false},"author":1,"featured_media":1484,"comment_status":"closed","ping_status":"open","sticky":false,"template":"","format":"standard","meta":{"footnotes":""},"categories":[5],"tags":[],"class_list":["post-1482","post","type-post","status-publish","format-standard","has-post-thumbnail","hentry","category-destaques"],"_links":{"self":[{"href":"https:\/\/jf-alferce.pt\/index.php?rest_route=\/wp\/v2\/posts\/1482","targetHints":{"allow":["GET"]}}],"collection":[{"href":"https:\/\/jf-alferce.pt\/index.php?rest_route=\/wp\/v2\/posts"}],"about":[{"href":"https:\/\/jf-alferce.pt\/index.php?rest_route=\/wp\/v2\/types\/post"}],"author":[{"embeddable":true,"href":"https:\/\/jf-alferce.pt\/index.php?rest_route=\/wp\/v2\/users\/1"}],"replies":[{"embeddable":true,"href":"https:\/\/jf-alferce.pt\/index.php?rest_route=%2Fwp%2Fv2%2Fcomments&post=1482"}],"version-history":[{"count":1,"href":"https:\/\/jf-alferce.pt\/index.php?rest_route=\/wp\/v2\/posts\/1482\/revisions"}],"predecessor-version":[{"id":1483,"href":"https:\/\/jf-alferce.pt\/index.php?rest_route=\/wp\/v2\/posts\/1482\/revisions\/1483"}],"wp:featuredmedia":[{"embeddable":true,"href":"https:\/\/jf-alferce.pt\/index.php?rest_route=\/wp\/v2\/media\/1484"}],"wp:attachment":[{"href":"https:\/\/jf-alferce.pt\/index.php?rest_route=%2Fwp%2Fv2%2Fmedia&parent=1482"}],"wp:term":[{"taxonomy":"category","embeddable":true,"href":"https:\/\/jf-alferce.pt\/index.php?rest_route=%2Fwp%2Fv2%2Fcategories&post=1482"},{"taxonomy":"post_tag","embeddable":true,"href":"https:\/\/jf-alferce.pt\/index.php?rest_route=%2Fwp%2Fv2%2Ftags&post=1482"}],"curies":[{"name":"wp","href":"https:\/\/api.w.org\/{rel}","templated":true}]}}