{"id":1573,"date":"2023-01-16T12:13:58","date_gmt":"2023-01-16T12:13:58","guid":{"rendered":"https:\/\/jf-alferce.pt\/?p=1573"},"modified":"2023-07-29T13:36:06","modified_gmt":"2023-07-29T12:36:06","slug":"abertura-de-procedimento-concursal-comum-para-preenchimento-de-um-posto-de-trabalho-na-carreira-de-assistente-tecnico","status":"publish","type":"post","link":"https:\/\/jf-alferce.pt\/?p=1573","title":{"rendered":"Abertura de procedimento concursal comum para preenchimento de um posto de trabalho na carreira de assistente t\u00e9cnico"},"content":{"rendered":"<p>Para mais informa\u00e7\u00f5es consulte o procedimento abaixo indicado.<\/p>\n<h3>Aviso de abertura:<\/h3>\n<ul>\n<li><a href=\"https:\/\/jf-alferce.pt\/wp-content\/uploads\/2023\/01\/Procedimento_1-2022-Aviso-de-Abertura-de-Procedimento-Concursal-Comum-para-preenchimento-de-um-posto-de-trabalho-na-Carreira-de-Assistente-Tecnico.pdf\" target=\"_blank\" rel=\"noopener\">Procedimento_1-2022<\/a><\/li>\n<\/ul>\n<h3>Formul\u00e1rios necess\u00e1rios:<\/h3>\n<ul>\n<li><a href=\"https:\/\/jf-alferce.pt\/wp-content\/uploads\/2023\/01\/FORMULARIO-DE-CANDIDATURA-AO-PROCEDIMENTO-CONCURSAL.pdf\" target=\"_blank\" rel=\"noopener\">FORMUL\u00c1RIO DE CANDIDATURA AO PROCEDIMENTO CONCURSAL<\/a><\/li>\n<li><a href=\"https:\/\/jf-alferce.pt\/wp-content\/uploads\/2023\/01\/Tratamento-de-Dados.pdf\" target=\"_blank\" rel=\"noopener\">Tratamento de Dados<\/a><\/li>\n<\/ul>\n<p>&nbsp;<\/p>\n","protected":false},"excerpt":{"rendered":"<p>Para mais informa\u00e7\u00f5es consulte o procedimento abaixo indicado. Aviso de abertura: Procedimento_1-2022 Formul\u00e1rios necess\u00e1rios: FORMUL\u00c1RIO DE CANDIDATURA AO PROCEDIMENTO CONCURSAL Tratamento de Dados &nbsp;<\/p>\n","protected":false},"author":1,"featured_media":0,"comment_status":"closed","ping_status":"open","sticky":false,"template":"","format":"standard","meta":{"footnotes":""},"categories":[5],"tags":[],"class_list":["post-1573","post","type-post","status-publish","format-standard","hentry","category-destaques"],"_links":{"self":[{"href":"https:\/\/jf-alferce.pt\/index.php?rest_route=\/wp\/v2\/posts\/1573","targetHints":{"allow":["GET"]}}],"collection":[{"href":"https:\/\/jf-alferce.pt\/index.php?rest_route=\/wp\/v2\/posts"}],"about":[{"href":"https:\/\/jf-alferce.pt\/index.php?rest_route=\/wp\/v2\/types\/post"}],"author":[{"embeddable":true,"href":"https:\/\/jf-alferce.pt\/index.php?rest_route=\/wp\/v2\/users\/1"}],"replies":[{"embeddable":true,"href":"https:\/\/jf-alferce.pt\/index.php?rest_route=%2Fwp%2Fv2%2Fcomments&post=1573"}],"version-history":[{"count":6,"href":"https:\/\/jf-alferce.pt\/index.php?rest_route=\/wp\/v2\/posts\/1573\/revisions"}],"predecessor-version":[{"id":1583,"href":"https:\/\/jf-alferce.pt\/index.php?rest_route=\/wp\/v2\/posts\/1573\/revisions\/1583"}],"wp:attachment":[{"href":"https:\/\/jf-alferce.pt\/index.php?rest_route=%2Fwp%2Fv2%2Fmedia&parent=1573"}],"wp:term":[{"taxonomy":"category","embeddable":true,"href":"https:\/\/jf-alferce.pt\/index.php?rest_route=%2Fwp%2Fv2%2Fcategories&post=1573"},{"taxonomy":"post_tag","embeddable":true,"href":"https:\/\/jf-alferce.pt\/index.php?rest_route=%2Fwp%2Fv2%2Ftags&post=1573"}],"curies":[{"name":"wp","href":"https:\/\/api.w.org\/{rel}","templated":true}]}}