{"id":1652,"date":"2025-01-10T11:15:44","date_gmt":"2025-01-10T11:15:44","guid":{"rendered":"https:\/\/jf-alferce.pt\/?p=1652"},"modified":"2025-01-10T11:11:00","modified_gmt":"2025-01-10T11:11:00","slug":"ginastica-senior-a-partir-de-3-de-outubro-de-2023","status":"publish","type":"post","link":"https:\/\/jf-alferce.pt\/?p=1652","title":{"rendered":"Gin\u00e1stica S\u00e9nior"},"content":{"rendered":"<p><strong>10Local:<\/strong> Sala Multiusos<\/p>\n<p>Ter\u00e7as-feiras, das 10h30 \u00e0s 11h30<br \/>\nQuintas-feiras, das 09h30 \u00e0s 10h30<\/p>\n<p><strong>Organiza\u00e7\u00e3o:<\/strong> Setor de Desporto e Juventude do Munic\u00edpio de Monchique<\/p>\n","protected":false},"excerpt":{"rendered":"<p>10Local: Sala Multiusos Ter\u00e7as-feiras, das 10h30 \u00e0s 11h30 Quintas-feiras, das 09h30 \u00e0s 10h30 Organiza\u00e7\u00e3o: Setor de Desporto e Juventude do Munic\u00edpio de Monchique<\/p>\n","protected":false},"author":1,"featured_media":1653,"comment_status":"closed","ping_status":"open","sticky":false,"template":"","format":"standard","meta":{"footnotes":""},"categories":[5],"tags":[],"class_list":["post-1652","post","type-post","status-publish","format-standard","has-post-thumbnail","hentry","category-destaques"],"_links":{"self":[{"href":"https:\/\/jf-alferce.pt\/index.php?rest_route=\/wp\/v2\/posts\/1652","targetHints":{"allow":["GET"]}}],"collection":[{"href":"https:\/\/jf-alferce.pt\/index.php?rest_route=\/wp\/v2\/posts"}],"about":[{"href":"https:\/\/jf-alferce.pt\/index.php?rest_route=\/wp\/v2\/types\/post"}],"author":[{"embeddable":true,"href":"https:\/\/jf-alferce.pt\/index.php?rest_route=\/wp\/v2\/users\/1"}],"replies":[{"embeddable":true,"href":"https:\/\/jf-alferce.pt\/index.php?rest_route=%2Fwp%2Fv2%2Fcomments&post=1652"}],"version-history":[{"count":6,"href":"https:\/\/jf-alferce.pt\/index.php?rest_route=\/wp\/v2\/posts\/1652\/revisions"}],"predecessor-version":[{"id":1904,"href":"https:\/\/jf-alferce.pt\/index.php?rest_route=\/wp\/v2\/posts\/1652\/revisions\/1904"}],"wp:featuredmedia":[{"embeddable":true,"href":"https:\/\/jf-alferce.pt\/index.php?rest_route=\/wp\/v2\/media\/1653"}],"wp:attachment":[{"href":"https:\/\/jf-alferce.pt\/index.php?rest_route=%2Fwp%2Fv2%2Fmedia&parent=1652"}],"wp:term":[{"taxonomy":"category","embeddable":true,"href":"https:\/\/jf-alferce.pt\/index.php?rest_route=%2Fwp%2Fv2%2Fcategories&post=1652"},{"taxonomy":"post_tag","embeddable":true,"href":"https:\/\/jf-alferce.pt\/index.php?rest_route=%2Fwp%2Fv2%2Ftags&post=1652"}],"curies":[{"name":"wp","href":"https:\/\/api.w.org\/{rel}","templated":true}]}}