{"id":1716,"date":"2023-12-11T14:03:20","date_gmt":"2023-12-11T14:03:20","guid":{"rendered":"https:\/\/jf-alferce.pt\/?p=1716"},"modified":"2023-12-12T14:44:15","modified_gmt":"2023-12-12T14:44:15","slug":"aviso-interrupcao-temporaria-no-fornecimento-de-agua-povo-de-baixo-alferce","status":"publish","type":"post","link":"https:\/\/jf-alferce.pt\/?p=1716","title":{"rendered":"AVISO \u2013 interrup\u00e7\u00e3o tempor\u00e1ria no fornecimento de \u00e1gua \u2013 Povo de Baixo, Alferce"},"content":{"rendered":"<p>No pr\u00f3ximo dia 12 de dezembro de 2023, entre as 8.30H e as 13.00H, o fornecimento de \u00e1gua ser\u00e1 suspendido.<\/p>\n<p>Desde j\u00e1 se apresenta as desculpas pelo inc\u00f3modo causado e, agradece-se a compreens\u00e3o.<\/p>\n","protected":false},"excerpt":{"rendered":"<p>No pr\u00f3ximo dia 12 de dezembro de 2023, entre as 8.30H e as 13.00H, o fornecimento de \u00e1gua ser\u00e1 suspendido. Desde j\u00e1 se apresenta as desculpas pelo inc\u00f3modo causado e, agradece-se a compreens\u00e3o.<\/p>\n","protected":false},"author":2,"featured_media":1714,"comment_status":"closed","ping_status":"open","sticky":false,"template":"","format":"standard","meta":{"footnotes":""},"categories":[1],"tags":[],"class_list":["post-1716","post","type-post","status-publish","format-standard","has-post-thumbnail","hentry","category-sem-categoria"],"_links":{"self":[{"href":"https:\/\/jf-alferce.pt\/index.php?rest_route=\/wp\/v2\/posts\/1716","targetHints":{"allow":["GET"]}}],"collection":[{"href":"https:\/\/jf-alferce.pt\/index.php?rest_route=\/wp\/v2\/posts"}],"about":[{"href":"https:\/\/jf-alferce.pt\/index.php?rest_route=\/wp\/v2\/types\/post"}],"author":[{"embeddable":true,"href":"https:\/\/jf-alferce.pt\/index.php?rest_route=\/wp\/v2\/users\/2"}],"replies":[{"embeddable":true,"href":"https:\/\/jf-alferce.pt\/index.php?rest_route=%2Fwp%2Fv2%2Fcomments&post=1716"}],"version-history":[{"count":1,"href":"https:\/\/jf-alferce.pt\/index.php?rest_route=\/wp\/v2\/posts\/1716\/revisions"}],"predecessor-version":[{"id":1717,"href":"https:\/\/jf-alferce.pt\/index.php?rest_route=\/wp\/v2\/posts\/1716\/revisions\/1717"}],"wp:featuredmedia":[{"embeddable":true,"href":"https:\/\/jf-alferce.pt\/index.php?rest_route=\/wp\/v2\/media\/1714"}],"wp:attachment":[{"href":"https:\/\/jf-alferce.pt\/index.php?rest_route=%2Fwp%2Fv2%2Fmedia&parent=1716"}],"wp:term":[{"taxonomy":"category","embeddable":true,"href":"https:\/\/jf-alferce.pt\/index.php?rest_route=%2Fwp%2Fv2%2Fcategories&post=1716"},{"taxonomy":"post_tag","embeddable":true,"href":"https:\/\/jf-alferce.pt\/index.php?rest_route=%2Fwp%2Fv2%2Ftags&post=1716"}],"curies":[{"name":"wp","href":"https:\/\/api.w.org\/{rel}","templated":true}]}}