{"id":1790,"date":"2024-04-05T12:16:17","date_gmt":"2024-04-05T11:16:17","guid":{"rendered":"https:\/\/jf-alferce.pt\/?p=1790"},"modified":"2024-04-11T15:57:39","modified_gmt":"2024-04-11T14:57:39","slug":"festa-do-bolo-de-tacho-2024","status":"publish","type":"post","link":"https:\/\/jf-alferce.pt\/?p=1790","title":{"rendered":"Festa do Bolo de Tacho 2024"},"content":{"rendered":"<h2>Programa<\/h2>\n<p><strong>09h00 &#8211; Passeio Pedestre &#8211; Concentra\u00e7\u00e3o em Alferce<\/strong><\/p>\n<p><strong>\u00a0 \u00a0 \u00a0 \u00a0 \u00a0 \u00a0 \u00a0 \u00a0 \u00a0Inscri\u00e7\u00f5es abertas at\u00e9 26 Abril<br \/>\n<\/strong>\u00a0 \u00a0 \u00a0 \u00a0 \u00a0 \u00a0 \u00a0 \u00a0 \u00a0 <a href=\"mailto:geral@jf-alferce.pt\">geral@jf-alferce.pt<\/a> | 282 912 126 | 962 149 142<\/p>\n<p><strong>11h00 &#8211; Abertura da Feira de Artesanato e Tasquinhas\u00a0<\/strong><\/p>\n<p><strong>12h00 &#8211; Inaugura\u00e7\u00e3o da 1\u00aa Exposi\u00e7\u00e3o de Fotografia de Alferce<\/strong><\/p>\n<p><strong>14h00 &#8211; Anima\u00e7\u00e3o Musical\u00a0<\/strong><\/p>\n<ul>\n<li>Grupo Etnogr\u00e1fico da Serra do Caldeir\u00e3o &#8211; Cortelha<\/li>\n<li>Telma Santos &amp; Nelson Duarte<\/li>\n<\/ul>\n","protected":false},"excerpt":{"rendered":"<p>Programa 09h00 &#8211; Passeio Pedestre &#8211; Concentra\u00e7\u00e3o em Alferce \u00a0 \u00a0 \u00a0 \u00a0 \u00a0 \u00a0 \u00a0 \u00a0 \u00a0Inscri\u00e7\u00f5es abertas at\u00e9 26 Abril \u00a0 \u00a0 \u00a0 \u00a0 \u00a0 \u00a0 \u00a0 \u00a0 \u00a0 geral@jf-alferce.pt | 282 912 126 | 962 149 142 11h00 &#8211; Abertura da Feira de Artesanato e Tasquinhas\u00a0 12h00 &#8211; Inaugura\u00e7\u00e3o da 1\u00aa Exposi\u00e7\u00e3o [&hellip;]<\/p>\n","protected":false},"author":2,"featured_media":1792,"comment_status":"closed","ping_status":"open","sticky":false,"template":"","format":"standard","meta":{"footnotes":""},"categories":[5],"tags":[30],"class_list":["post-1790","post","type-post","status-publish","format-standard","has-post-thumbnail","hentry","category-destaques","tag-30"],"_links":{"self":[{"href":"https:\/\/jf-alferce.pt\/index.php?rest_route=\/wp\/v2\/posts\/1790","targetHints":{"allow":["GET"]}}],"collection":[{"href":"https:\/\/jf-alferce.pt\/index.php?rest_route=\/wp\/v2\/posts"}],"about":[{"href":"https:\/\/jf-alferce.pt\/index.php?rest_route=\/wp\/v2\/types\/post"}],"author":[{"embeddable":true,"href":"https:\/\/jf-alferce.pt\/index.php?rest_route=\/wp\/v2\/users\/2"}],"replies":[{"embeddable":true,"href":"https:\/\/jf-alferce.pt\/index.php?rest_route=%2Fwp%2Fv2%2Fcomments&post=1790"}],"version-history":[{"count":2,"href":"https:\/\/jf-alferce.pt\/index.php?rest_route=\/wp\/v2\/posts\/1790\/revisions"}],"predecessor-version":[{"id":1802,"href":"https:\/\/jf-alferce.pt\/index.php?rest_route=\/wp\/v2\/posts\/1790\/revisions\/1802"}],"wp:featuredmedia":[{"embeddable":true,"href":"https:\/\/jf-alferce.pt\/index.php?rest_route=\/wp\/v2\/media\/1792"}],"wp:attachment":[{"href":"https:\/\/jf-alferce.pt\/index.php?rest_route=%2Fwp%2Fv2%2Fmedia&parent=1790"}],"wp:term":[{"taxonomy":"category","embeddable":true,"href":"https:\/\/jf-alferce.pt\/index.php?rest_route=%2Fwp%2Fv2%2Fcategories&post=1790"},{"taxonomy":"post_tag","embeddable":true,"href":"https:\/\/jf-alferce.pt\/index.php?rest_route=%2Fwp%2Fv2%2Ftags&post=1790"}],"curies":[{"name":"wp","href":"https:\/\/api.w.org\/{rel}","templated":true}]}}