{"id":1870,"date":"2024-10-09T15:01:41","date_gmt":"2024-10-09T14:01:41","guid":{"rendered":"https:\/\/jf-alferce.pt\/?p=1870"},"modified":"2024-10-09T15:01:41","modified_gmt":"2024-10-09T14:01:41","slug":"magusto-popular-de-alferce-2024","status":"publish","type":"post","link":"https:\/\/jf-alferce.pt\/?p=1870","title":{"rendered":"Magusto Popular de Alferce 2024"},"content":{"rendered":"<h2>Programa<\/h2>\n<p><strong>13h00 &#8211; Abertura da Mostra de Tasquinhas e Artesanato \/ Magusto<\/strong><\/p>\n<p><strong>14h00 &#8211; Anima\u00e7\u00e3o Musical com Valter Cabrita<\/strong><\/p>\n<p><strong>17h00 &#8211; Baile com Emanuel Martins &amp; T\u00e2nia<\/strong><\/p>\n<p>&nbsp;<\/p>\n","protected":false},"excerpt":{"rendered":"<p>Programa 13h00 &#8211; Abertura da Mostra de Tasquinhas e Artesanato \/ Magusto 14h00 &#8211; Anima\u00e7\u00e3o Musical com Valter Cabrita 17h00 &#8211; Baile com Emanuel Martins &amp; T\u00e2nia &nbsp;<\/p>\n","protected":false},"author":2,"featured_media":1871,"comment_status":"closed","ping_status":"open","sticky":false,"template":"","format":"standard","meta":{"footnotes":""},"categories":[5],"tags":[30],"class_list":["post-1870","post","type-post","status-publish","format-standard","has-post-thumbnail","hentry","category-destaques","tag-30"],"_links":{"self":[{"href":"https:\/\/jf-alferce.pt\/index.php?rest_route=\/wp\/v2\/posts\/1870","targetHints":{"allow":["GET"]}}],"collection":[{"href":"https:\/\/jf-alferce.pt\/index.php?rest_route=\/wp\/v2\/posts"}],"about":[{"href":"https:\/\/jf-alferce.pt\/index.php?rest_route=\/wp\/v2\/types\/post"}],"author":[{"embeddable":true,"href":"https:\/\/jf-alferce.pt\/index.php?rest_route=\/wp\/v2\/users\/2"}],"replies":[{"embeddable":true,"href":"https:\/\/jf-alferce.pt\/index.php?rest_route=%2Fwp%2Fv2%2Fcomments&post=1870"}],"version-history":[{"count":1,"href":"https:\/\/jf-alferce.pt\/index.php?rest_route=\/wp\/v2\/posts\/1870\/revisions"}],"predecessor-version":[{"id":1872,"href":"https:\/\/jf-alferce.pt\/index.php?rest_route=\/wp\/v2\/posts\/1870\/revisions\/1872"}],"wp:featuredmedia":[{"embeddable":true,"href":"https:\/\/jf-alferce.pt\/index.php?rest_route=\/wp\/v2\/media\/1871"}],"wp:attachment":[{"href":"https:\/\/jf-alferce.pt\/index.php?rest_route=%2Fwp%2Fv2%2Fmedia&parent=1870"}],"wp:term":[{"taxonomy":"category","embeddable":true,"href":"https:\/\/jf-alferce.pt\/index.php?rest_route=%2Fwp%2Fv2%2Fcategories&post=1870"},{"taxonomy":"post_tag","embeddable":true,"href":"https:\/\/jf-alferce.pt\/index.php?rest_route=%2Fwp%2Fv2%2Ftags&post=1870"}],"curies":[{"name":"wp","href":"https:\/\/api.w.org\/{rel}","templated":true}]}}