{"id":1915,"date":"2025-02-12T11:24:06","date_gmt":"2025-02-12T11:24:06","guid":{"rendered":"https:\/\/jf-alferce.pt\/?p=1915"},"modified":"2025-02-18T15:50:44","modified_gmt":"2025-02-18T15:50:44","slug":"exposicao-monchique-1773-o-lugar-que-se-tornou-vila","status":"publish","type":"post","link":"https:\/\/jf-alferce.pt\/?p=1915","title":{"rendered":"Exposi\u00e7\u00e3o  &#8211; Monchique (1773) o lugar que se tornou vila"},"content":{"rendered":"<p>Exposi\u00e7\u00e3o &#8211; Monchique (1773) o lugar que se tornou vila<\/p>\n<p>Espa\u00e7o Multiusos de Alferce<\/p>\n<p>12 de Fevereiro a 7 de Mar\u00e7o &#8211; 09h00 \u00e0s 16h00<\/p>\n<p>&nbsp;<\/p>\n","protected":false},"excerpt":{"rendered":"<p>Exposi\u00e7\u00e3o &#8211; Monchique (1773) o lugar que se tornou vila Espa\u00e7o Multiusos de Alferce 12 de Fevereiro a 7 de Mar\u00e7o &#8211; 09h00 \u00e0s 16h00 &nbsp;<\/p>\n","protected":false},"author":2,"featured_media":1924,"comment_status":"closed","ping_status":"open","sticky":false,"template":"","format":"standard","meta":{"footnotes":""},"categories":[1],"tags":[36],"class_list":["post-1915","post","type-post","status-publish","format-standard","has-post-thumbnail","hentry","category-sem-categoria","tag-36"],"_links":{"self":[{"href":"https:\/\/jf-alferce.pt\/index.php?rest_route=\/wp\/v2\/posts\/1915","targetHints":{"allow":["GET"]}}],"collection":[{"href":"https:\/\/jf-alferce.pt\/index.php?rest_route=\/wp\/v2\/posts"}],"about":[{"href":"https:\/\/jf-alferce.pt\/index.php?rest_route=\/wp\/v2\/types\/post"}],"author":[{"embeddable":true,"href":"https:\/\/jf-alferce.pt\/index.php?rest_route=\/wp\/v2\/users\/2"}],"replies":[{"embeddable":true,"href":"https:\/\/jf-alferce.pt\/index.php?rest_route=%2Fwp%2Fv2%2Fcomments&post=1915"}],"version-history":[{"count":1,"href":"https:\/\/jf-alferce.pt\/index.php?rest_route=\/wp\/v2\/posts\/1915\/revisions"}],"predecessor-version":[{"id":1917,"href":"https:\/\/jf-alferce.pt\/index.php?rest_route=\/wp\/v2\/posts\/1915\/revisions\/1917"}],"wp:featuredmedia":[{"embeddable":true,"href":"https:\/\/jf-alferce.pt\/index.php?rest_route=\/wp\/v2\/media\/1924"}],"wp:attachment":[{"href":"https:\/\/jf-alferce.pt\/index.php?rest_route=%2Fwp%2Fv2%2Fmedia&parent=1915"}],"wp:term":[{"taxonomy":"category","embeddable":true,"href":"https:\/\/jf-alferce.pt\/index.php?rest_route=%2Fwp%2Fv2%2Fcategories&post=1915"},{"taxonomy":"post_tag","embeddable":true,"href":"https:\/\/jf-alferce.pt\/index.php?rest_route=%2Fwp%2Fv2%2Ftags&post=1915"}],"curies":[{"name":"wp","href":"https:\/\/api.w.org\/{rel}","templated":true}]}}