{"id":2269,"date":"2025-10-24T15:22:44","date_gmt":"2025-10-24T14:22:44","guid":{"rendered":"https:\/\/jf-alferce.pt\/?p=2269"},"modified":"2025-10-24T15:22:44","modified_gmt":"2025-10-24T14:22:44","slug":"magusto-popular-de-alferce-2025","status":"publish","type":"post","link":"https:\/\/jf-alferce.pt\/?p=2269","title":{"rendered":"Magusto Popular de Alferce 2025"},"content":{"rendered":"<h2>Programa<\/h2>\n<p><strong>13h00 &#8211; Abertura da Mostra de Tasquinhas e Artesanato \/ Magusto<\/strong><\/p>\n<p><strong>14h00 &#8211; Anima\u00e7\u00e3o Musical com Valter Cabrita<\/strong><\/p>\n<p><strong>17h00 &#8211; Baile com Emanuel Martins &amp; T\u00e2nia<\/strong><\/p>\n","protected":false},"excerpt":{"rendered":"<p>Programa 13h00 &#8211; Abertura da Mostra de Tasquinhas e Artesanato \/ Magusto 14h00 &#8211; Anima\u00e7\u00e3o Musical com Valter Cabrita 17h00 &#8211; Baile com Emanuel Martins &amp; T\u00e2nia<\/p>\n","protected":false},"author":2,"featured_media":2270,"comment_status":"closed","ping_status":"open","sticky":false,"template":"","format":"standard","meta":{"footnotes":""},"categories":[5],"tags":[36,41],"class_list":["post-2269","post","type-post","status-publish","format-standard","has-post-thumbnail","hentry","category-destaques","tag-36","tag-eventos"],"_links":{"self":[{"href":"https:\/\/jf-alferce.pt\/index.php?rest_route=\/wp\/v2\/posts\/2269","targetHints":{"allow":["GET"]}}],"collection":[{"href":"https:\/\/jf-alferce.pt\/index.php?rest_route=\/wp\/v2\/posts"}],"about":[{"href":"https:\/\/jf-alferce.pt\/index.php?rest_route=\/wp\/v2\/types\/post"}],"author":[{"embeddable":true,"href":"https:\/\/jf-alferce.pt\/index.php?rest_route=\/wp\/v2\/users\/2"}],"replies":[{"embeddable":true,"href":"https:\/\/jf-alferce.pt\/index.php?rest_route=%2Fwp%2Fv2%2Fcomments&post=2269"}],"version-history":[{"count":1,"href":"https:\/\/jf-alferce.pt\/index.php?rest_route=\/wp\/v2\/posts\/2269\/revisions"}],"predecessor-version":[{"id":2271,"href":"https:\/\/jf-alferce.pt\/index.php?rest_route=\/wp\/v2\/posts\/2269\/revisions\/2271"}],"wp:featuredmedia":[{"embeddable":true,"href":"https:\/\/jf-alferce.pt\/index.php?rest_route=\/wp\/v2\/media\/2270"}],"wp:attachment":[{"href":"https:\/\/jf-alferce.pt\/index.php?rest_route=%2Fwp%2Fv2%2Fmedia&parent=2269"}],"wp:term":[{"taxonomy":"category","embeddable":true,"href":"https:\/\/jf-alferce.pt\/index.php?rest_route=%2Fwp%2Fv2%2Fcategories&post=2269"},{"taxonomy":"post_tag","embeddable":true,"href":"https:\/\/jf-alferce.pt\/index.php?rest_route=%2Fwp%2Fv2%2Ftags&post=2269"}],"curies":[{"name":"wp","href":"https:\/\/api.w.org\/{rel}","templated":true}]}}