{"id":2275,"date":"2025-10-29T09:40:50","date_gmt":"2025-10-29T09:40:50","guid":{"rendered":"https:\/\/jf-alferce.pt\/?p=2275"},"modified":"2025-10-29T10:23:11","modified_gmt":"2025-10-29T10:23:11","slug":"magusto-popular-2025-alteracao-ao-transito","status":"publish","type":"post","link":"https:\/\/jf-alferce.pt\/?p=2275","title":{"rendered":"Magusto Popular 2025 &#8211; Altera\u00e7\u00e3o ao Tr\u00e2nsito"},"content":{"rendered":"<div class=\"\" data-block=\"true\" data-editor=\"8bhhi\" data-offset-key=\"5phao-0-0\">\n<div class=\"_1mf _1mj\" data-offset-key=\"5phao-0-0\"><span data-offset-key=\"5phao-0-0\">Magusto Popular de Alferce &#8211; Altera\u00e7\u00e3o ao Tr\u00e2nsito<\/span><\/div>\n<\/div>\n<div class=\"\" data-block=\"true\" data-editor=\"8bhhi\" data-offset-key=\"687kc-0-0\">\n<div class=\"_1mf _1mj\" data-offset-key=\"687kc-0-0\"><span data-offset-key=\"687kc-0-0\">\u00a0<\/span><\/div>\n<\/div>\n<div class=\"\" data-block=\"true\" data-editor=\"8bhhi\" data-offset-key=\"67man-0-0\">\n<div class=\"_1mf _1mj\" data-offset-key=\"67man-0-0\"><span data-offset-key=\"67man-0-0\">A Freguesia de Alferce informa que, no dia 1 de novembro (s\u00e1bado), devido \u00e0 realiza\u00e7\u00e3o do Magusto Popular, haver\u00e1 altera\u00e7\u00f5es tempor\u00e1rias ao tr\u00e2nsito em Alferce.<\/span><\/div>\n<\/div>\n<div class=\"\" data-block=\"true\" data-editor=\"8bhhi\" data-offset-key=\"7e1im-0-0\">\n<div class=\"_1mf _1mj\" data-offset-key=\"7e1im-0-0\"><span data-offset-key=\"7e1im-0-0\"> \u2800\u2800\u2800\u2800\u2800\u2800\u2800\u2800\u2800<\/span><\/div>\n<\/div>\n<div class=\"\" data-block=\"true\" data-editor=\"8bhhi\" data-offset-key=\"110fn-0-0\">\n<div class=\"_1mf _1mj\" data-offset-key=\"110fn-0-0\"><span data-offset-key=\"110fn-0-0\">Altera\u00e7\u00e3o ao tr\u00e2nsito:<\/span><\/div>\n<\/div>\n<div class=\"\" data-block=\"true\" data-editor=\"8bhhi\" data-offset-key=\"ui6f-0-0\">\n<div class=\"_1mf _1mj\" data-offset-key=\"ui6f-0-0\"><span data-offset-key=\"ui6f-0-0\">&#8211; Tr\u00e2nsito de forma circular para acesso \u00e0 \u00c1rea de Servi\u00e7o de Autocaravanas e Povo de Baixo;<\/span><\/div>\n<\/div>\n<div class=\"\" data-block=\"true\" data-editor=\"8bhhi\" data-offset-key=\"e235b-0-0\">\n<div class=\"_1mf _1mj\" data-offset-key=\"e235b-0-0\"><span data-offset-key=\"e235b-0-0\">&#8211; Acesso ao Povo de Baixo apenas para residentes;<\/span><\/div>\n<\/div>\n<div class=\"\" data-block=\"true\" data-editor=\"8bhhi\" data-offset-key=\"1qi01-0-0\">\n<div class=\"_1mf _1mj\" data-offset-key=\"1qi01-0-0\"><span data-offset-key=\"1qi01-0-0\">&#8211; Ruas com sentido \u00fanico: Rua Manuel Mitelo Rodrigues; Rua de S\u00e3o Rom\u00e3o; Rua Batista da Silva Coelho (entre o Snack-Bar Tapas e a paragem do autocarro)<\/span><\/div>\n<\/div>\n<div class=\"\" data-block=\"true\" data-editor=\"8bhhi\" data-offset-key=\"8435t-0-0\">\n<div class=\"_1mf _1mj\" data-offset-key=\"8435t-0-0\"><span data-offset-key=\"8435t-0-0\"> \u2800\u2800\u2800\u2800\u2800\u2800\u2800\u2800\u2800<\/span><\/div>\n<\/div>\n<div class=\"\" data-block=\"true\" data-editor=\"8bhhi\" data-offset-key=\"apt46-0-0\">\n<div class=\"_1mf _1mj\" data-offset-key=\"apt46-0-0\"><span data-offset-key=\"apt46-0-0\">Alternativas de estacionamento:<\/span><\/div>\n<\/div>\n<div class=\"\" data-block=\"true\" data-editor=\"8bhhi\" data-offset-key=\"bjvo8-0-0\">\n<div class=\"_1mf _1mj\" data-offset-key=\"bjvo8-0-0\"><span data-offset-key=\"bjvo8-0-0\">Excecionalmente neste dia, parte da \u00c1rea de Servi\u00e7o de Autocaravanas ser\u00e1 utilizada para estacionamento a viaturas ligeiras e motociclos.<\/span><\/div>\n<\/div>\n<div class=\"\" data-block=\"true\" data-editor=\"8bhhi\" data-offset-key=\"1lhvj-0-0\">\n<div class=\"_1mf _1mj\" data-offset-key=\"1lhvj-0-0\"><span data-offset-key=\"1lhvj-0-0\">H\u00e1 estacionamento dispon\u00edvel nas ruas Batista da Silva Coelho e Manuel Mitelo Rodrigues e no Polidesportivo de Alferce.<\/span><\/div>\n<\/div>\n<div class=\"\" data-block=\"true\" data-editor=\"8bhhi\" data-offset-key=\"64tan-0-0\">\n<div class=\"_1mf _1mj\" data-offset-key=\"64tan-0-0\"><span data-offset-key=\"64tan-0-0\">\u00a0<\/span><\/div>\n<\/div>\n<div class=\"\" data-block=\"true\" data-editor=\"8bhhi\" data-offset-key=\"9gbun-0-0\">\n<div class=\"_1mf _1mj\" data-offset-key=\"9gbun-0-0\"><span data-offset-key=\"9gbun-0-0\">Agradecemos a compreens\u00e3o e colabora\u00e7\u00e3o de todos!<\/span><\/div>\n<\/div>\n","protected":false},"excerpt":{"rendered":"<p>Magusto Popular de Alferce &#8211; Altera\u00e7\u00e3o ao Tr\u00e2nsito \u00a0 A Freguesia de Alferce informa que, no dia 1 de novembro (s\u00e1bado), devido \u00e0 realiza\u00e7\u00e3o do Magusto Popular, haver\u00e1 altera\u00e7\u00f5es tempor\u00e1rias ao tr\u00e2nsito em Alferce. \u2800\u2800\u2800\u2800\u2800\u2800\u2800\u2800\u2800 Altera\u00e7\u00e3o ao tr\u00e2nsito: &#8211; Tr\u00e2nsito de forma circular para acesso \u00e0 \u00c1rea de Servi\u00e7o de Autocaravanas e Povo de Baixo; [&hellip;]<\/p>\n","protected":false},"author":2,"featured_media":2276,"comment_status":"closed","ping_status":"open","sticky":false,"template":"","format":"image","meta":{"footnotes":""},"categories":[5],"tags":[36],"class_list":["post-2275","post","type-post","status-publish","format-image","has-post-thumbnail","hentry","category-destaques","tag-36","post_format-post-format-image"],"_links":{"self":[{"href":"https:\/\/jf-alferce.pt\/index.php?rest_route=\/wp\/v2\/posts\/2275","targetHints":{"allow":["GET"]}}],"collection":[{"href":"https:\/\/jf-alferce.pt\/index.php?rest_route=\/wp\/v2\/posts"}],"about":[{"href":"https:\/\/jf-alferce.pt\/index.php?rest_route=\/wp\/v2\/types\/post"}],"author":[{"embeddable":true,"href":"https:\/\/jf-alferce.pt\/index.php?rest_route=\/wp\/v2\/users\/2"}],"replies":[{"embeddable":true,"href":"https:\/\/jf-alferce.pt\/index.php?rest_route=%2Fwp%2Fv2%2Fcomments&post=2275"}],"version-history":[{"count":3,"href":"https:\/\/jf-alferce.pt\/index.php?rest_route=\/wp\/v2\/posts\/2275\/revisions"}],"predecessor-version":[{"id":2279,"href":"https:\/\/jf-alferce.pt\/index.php?rest_route=\/wp\/v2\/posts\/2275\/revisions\/2279"}],"wp:featuredmedia":[{"embeddable":true,"href":"https:\/\/jf-alferce.pt\/index.php?rest_route=\/wp\/v2\/media\/2276"}],"wp:attachment":[{"href":"https:\/\/jf-alferce.pt\/index.php?rest_route=%2Fwp%2Fv2%2Fmedia&parent=2275"}],"wp:term":[{"taxonomy":"category","embeddable":true,"href":"https:\/\/jf-alferce.pt\/index.php?rest_route=%2Fwp%2Fv2%2Fcategories&post=2275"},{"taxonomy":"post_tag","embeddable":true,"href":"https:\/\/jf-alferce.pt\/index.php?rest_route=%2Fwp%2Fv2%2Ftags&post=2275"}],"curies":[{"name":"wp","href":"https:\/\/api.w.org\/{rel}","templated":true}]}}