{"id":2280,"date":"2025-11-05T10:00:04","date_gmt":"2025-11-05T10:00:04","guid":{"rendered":"https:\/\/jf-alferce.pt\/?p=2280"},"modified":"2025-11-03T15:33:12","modified_gmt":"2025-11-03T15:33:12","slug":"teatro-culinario-pao-alteracao-ao-transito","status":"publish","type":"post","link":"https:\/\/jf-alferce.pt\/?p=2280","title":{"rendered":"Teatro Culin\u00e1rio &#8220;P\u00e3o&#8221; &#8211; Altera\u00e7\u00e3o ao Tr\u00e2nsito"},"content":{"rendered":"<div class=\"xdj266r x14z9mp xat24cr x1lziwak x1vvkbs x126k92a\">\n<div dir=\"auto\">Teatro Culin\u00e1rio &#8220;P\u00e3o&#8221; &#8211; Lavrar o Mar &#8211; Altera\u00e7\u00e3o ao Tr\u00e2nsito<\/div>\n<div dir=\"auto\"><\/div>\n<\/div>\n<div class=\"x14z9mp xat24cr x1lziwak x1vvkbs xtlvy1s x126k92a\">\n<div dir=\"auto\"><img fetchpriority=\"high\" decoding=\"async\" class=\"alignnone size-medium wp-image-2281\" src=\"https:\/\/jf-alferce.pt\/wp-content\/uploads\/2025\/11\/Alteracao-Transito-Povo-de-Baixo-300x218.png\" alt=\"\" width=\"300\" height=\"218\" srcset=\"https:\/\/jf-alferce.pt\/wp-content\/uploads\/2025\/11\/Alteracao-Transito-Povo-de-Baixo-300x218.png 300w, https:\/\/jf-alferce.pt\/wp-content\/uploads\/2025\/11\/Alteracao-Transito-Povo-de-Baixo-1024x745.png 1024w, https:\/\/jf-alferce.pt\/wp-content\/uploads\/2025\/11\/Alteracao-Transito-Povo-de-Baixo-768x558.png 768w, https:\/\/jf-alferce.pt\/wp-content\/uploads\/2025\/11\/Alteracao-Transito-Povo-de-Baixo.png 1085w\" sizes=\"(max-width: 300px) 100vw, 300px\" \/>A Freguesia de Alferce informa que nos dias 7, 8 e 9 de Novembro 2025, o tr\u00e2nsito na Rua do Rossio (Povo de Baixo, Alferce) estar\u00e1 encerrado, sendo apenas poss\u00edvel o acesso pedonal a moradores e propriet\u00e1rios.<\/div>\n<div dir=\"auto\">\u2800\u2800\u2800\u2800\u2800\u2800\u2800\u2800\u2800<\/div>\n<div dir=\"auto\">Agradecemos a compreens\u00e3o e colabora\u00e7\u00e3o de todos!<\/div>\n<\/div>\n","protected":false},"excerpt":{"rendered":"<p>Teatro Culin\u00e1rio &#8220;P\u00e3o&#8221; &#8211; Lavrar o Mar &#8211; Altera\u00e7\u00e3o ao Tr\u00e2nsito A Freguesia de Alferce informa que nos dias 7, 8 e 9 de Novembro 2025, o tr\u00e2nsito na Rua do Rossio (Povo de Baixo, Alferce) estar\u00e1 encerrado, sendo apenas poss\u00edvel o acesso pedonal a moradores e propriet\u00e1rios. \u2800\u2800\u2800\u2800\u2800\u2800\u2800\u2800\u2800 Agradecemos a compreens\u00e3o e colabora\u00e7\u00e3o de [&hellip;]<\/p>\n","protected":false},"author":2,"featured_media":2281,"comment_status":"closed","ping_status":"open","sticky":false,"template":"","format":"standard","meta":{"footnotes":""},"categories":[5],"tags":[36],"class_list":["post-2280","post","type-post","status-publish","format-standard","has-post-thumbnail","hentry","category-destaques","tag-36"],"_links":{"self":[{"href":"https:\/\/jf-alferce.pt\/index.php?rest_route=\/wp\/v2\/posts\/2280","targetHints":{"allow":["GET"]}}],"collection":[{"href":"https:\/\/jf-alferce.pt\/index.php?rest_route=\/wp\/v2\/posts"}],"about":[{"href":"https:\/\/jf-alferce.pt\/index.php?rest_route=\/wp\/v2\/types\/post"}],"author":[{"embeddable":true,"href":"https:\/\/jf-alferce.pt\/index.php?rest_route=\/wp\/v2\/users\/2"}],"replies":[{"embeddable":true,"href":"https:\/\/jf-alferce.pt\/index.php?rest_route=%2Fwp%2Fv2%2Fcomments&post=2280"}],"version-history":[{"count":1,"href":"https:\/\/jf-alferce.pt\/index.php?rest_route=\/wp\/v2\/posts\/2280\/revisions"}],"predecessor-version":[{"id":2282,"href":"https:\/\/jf-alferce.pt\/index.php?rest_route=\/wp\/v2\/posts\/2280\/revisions\/2282"}],"wp:featuredmedia":[{"embeddable":true,"href":"https:\/\/jf-alferce.pt\/index.php?rest_route=\/wp\/v2\/media\/2281"}],"wp:attachment":[{"href":"https:\/\/jf-alferce.pt\/index.php?rest_route=%2Fwp%2Fv2%2Fmedia&parent=2280"}],"wp:term":[{"taxonomy":"category","embeddable":true,"href":"https:\/\/jf-alferce.pt\/index.php?rest_route=%2Fwp%2Fv2%2Fcategories&post=2280"},{"taxonomy":"post_tag","embeddable":true,"href":"https:\/\/jf-alferce.pt\/index.php?rest_route=%2Fwp%2Fv2%2Ftags&post=2280"}],"curies":[{"name":"wp","href":"https:\/\/api.w.org\/{rel}","templated":true}]}}