{"id":2389,"date":"2026-02-05T09:28:09","date_gmt":"2026-02-05T09:28:09","guid":{"rendered":"https:\/\/jf-alferce.pt\/?p=2389"},"modified":"2026-02-05T09:28:52","modified_gmt":"2026-02-05T09:28:52","slug":"municipio-de-monchique-ativou-o-plano-municipal-de-emergencia-de-protecao-civil","status":"publish","type":"post","link":"https:\/\/jf-alferce.pt\/?p=2389","title":{"rendered":"Munic\u00edpio de Monchique ativou o Plano Municipal de Emerg\u00eancia de Prote\u00e7\u00e3o Civil"},"content":{"rendered":"<p>O Plano Municipal de Emerg\u00eancia e Prote\u00e7\u00e3o Civil foi ativado ontem, dia 4 de fevereiro pelas 17h12.<\/p>\n<p class=\"mb-0\">Esta decis\u00e3o foi tomada em reuni\u00e3o da Comiss\u00e3o da Prote\u00e7\u00e3o Civil, na sequ\u00eancia das condi\u00e7\u00f5es meteorol\u00f3gicas adversas dos \u00faltimos dias, e da previs\u00e3o de chuva intensa e vento forte para os pr\u00f3ximos dias, que aumentam, consideravelmente, situa\u00e7\u00f5es de risco \u00e0s pessoas, bens e infraestruturas.Os Agentes de Prote\u00e7\u00e3o Civil est\u00e3o, desta forma, preparados para responder eficazmente a qualquer situa\u00e7\u00e3o que possa ocorrer e pede-se a colabora\u00e7\u00e3o da popula\u00e7\u00e3o no cumprimento de todos os avisos e recomenda\u00e7\u00f5es que forem emitidos. Solicita-se que adote comportamentos preventivos e respons\u00e1veis, essenciais \u00e0 prote\u00e7\u00e3o de todos, nomeadamente evitar desloca\u00e7\u00f5es desnecess\u00e1rias.<\/p>\n<p class=\"mb-0\">\u00a0Na sequ\u00eancia desta decis\u00e3o, foi determinado o fecho de todas as Escolas do Munic\u00edpio e da Creche Municipal no dia 5 de fevereiro. A Comiss\u00e3o Municipal de Prote\u00e7\u00e3o Civil mantem em perman\u00eancia a monitoriza\u00e7\u00e3o da evolu\u00e7\u00e3o da situa\u00e7\u00e3o.<\/p>\n","protected":false},"excerpt":{"rendered":"<p>O Plano Municipal de Emerg\u00eancia e Prote\u00e7\u00e3o Civil foi ativado ontem, dia 4 de fevereiro pelas 17h12. Esta decis\u00e3o foi tomada em reuni\u00e3o da Comiss\u00e3o da Prote\u00e7\u00e3o Civil, na sequ\u00eancia das condi\u00e7\u00f5es meteorol\u00f3gicas adversas dos \u00faltimos dias, e da previs\u00e3o de chuva intensa e vento forte para os pr\u00f3ximos dias, que aumentam, consideravelmente, situa\u00e7\u00f5es de [&hellip;]<\/p>\n","protected":false},"author":2,"featured_media":2390,"comment_status":"closed","ping_status":"open","sticky":false,"template":"","format":"standard","meta":{"footnotes":""},"categories":[5],"tags":[47,49],"class_list":["post-2389","post","type-post","status-publish","format-standard","has-post-thumbnail","hentry","category-destaques","tag-47","tag-plano-municipal-de-emergencia-e-protecao-civil"],"_links":{"self":[{"href":"https:\/\/jf-alferce.pt\/index.php?rest_route=\/wp\/v2\/posts\/2389","targetHints":{"allow":["GET"]}}],"collection":[{"href":"https:\/\/jf-alferce.pt\/index.php?rest_route=\/wp\/v2\/posts"}],"about":[{"href":"https:\/\/jf-alferce.pt\/index.php?rest_route=\/wp\/v2\/types\/post"}],"author":[{"embeddable":true,"href":"https:\/\/jf-alferce.pt\/index.php?rest_route=\/wp\/v2\/users\/2"}],"replies":[{"embeddable":true,"href":"https:\/\/jf-alferce.pt\/index.php?rest_route=%2Fwp%2Fv2%2Fcomments&post=2389"}],"version-history":[{"count":1,"href":"https:\/\/jf-alferce.pt\/index.php?rest_route=\/wp\/v2\/posts\/2389\/revisions"}],"predecessor-version":[{"id":2391,"href":"https:\/\/jf-alferce.pt\/index.php?rest_route=\/wp\/v2\/posts\/2389\/revisions\/2391"}],"wp:featuredmedia":[{"embeddable":true,"href":"https:\/\/jf-alferce.pt\/index.php?rest_route=\/wp\/v2\/media\/2390"}],"wp:attachment":[{"href":"https:\/\/jf-alferce.pt\/index.php?rest_route=%2Fwp%2Fv2%2Fmedia&parent=2389"}],"wp:term":[{"taxonomy":"category","embeddable":true,"href":"https:\/\/jf-alferce.pt\/index.php?rest_route=%2Fwp%2Fv2%2Fcategories&post=2389"},{"taxonomy":"post_tag","embeddable":true,"href":"https:\/\/jf-alferce.pt\/index.php?rest_route=%2Fwp%2Fv2%2Ftags&post=2389"}],"curies":[{"name":"wp","href":"https:\/\/api.w.org\/{rel}","templated":true}]}}