{"id":2392,"date":"2026-02-06T13:18:01","date_gmt":"2026-02-06T13:18:01","guid":{"rendered":"https:\/\/jf-alferce.pt\/?p=2392"},"modified":"2026-02-06T14:00:14","modified_gmt":"2026-02-06T14:00:14","slug":"passadico-do-barranco-do-demo-temporariamente-interdito","status":"publish","type":"post","link":"https:\/\/jf-alferce.pt\/?p=2392","title":{"rendered":"Passadi\u00e7o do Barranco do Demo Temporariamente Interdito"},"content":{"rendered":"<p>\ud83d\udce2 AVISO \u00c0 POPULA\u00c7\u00c3O \u2013 FREGUESIA DE ALFERCE<\/p>\n<p>Informamos que a travessia do Passadi\u00e7o do Barranco do Demo encontra-se interditada a partir das 14h00 de hoje, devido \u00e0s condi\u00e7\u00f5es atmosf\u00e9ricas atuais.<\/p>\n<p>\u2139\ufe0f A reabertura ser\u00e1 oportunamente comunicada, em fun\u00e7\u00e3o da evolu\u00e7\u00e3o das condi\u00e7\u00f5es meteorol\u00f3gicas.<\/p>\n<p>\ud83d\udc49 Apelamos \u00e0 compreens\u00e3o de todos e ao cumprimento da sinaliza\u00e7\u00e3o existente.<\/p>\n","protected":false},"excerpt":{"rendered":"<p>\ud83d\udce2 AVISO \u00c0 POPULA\u00c7\u00c3O \u2013 FREGUESIA DE ALFERCE Informamos que a travessia do Passadi\u00e7o do Barranco do Demo encontra-se interditada a partir das 14h00 de hoje, devido \u00e0s condi\u00e7\u00f5es atmosf\u00e9ricas atuais. \u2139\ufe0f A reabertura ser\u00e1 oportunamente comunicada, em fun\u00e7\u00e3o da evolu\u00e7\u00e3o das condi\u00e7\u00f5es meteorol\u00f3gicas. \ud83d\udc49 Apelamos \u00e0 compreens\u00e3o de todos e ao cumprimento da sinaliza\u00e7\u00e3o [&hellip;]<\/p>\n","protected":false},"author":2,"featured_media":2396,"comment_status":"closed","ping_status":"open","sticky":false,"template":"","format":"standard","meta":{"footnotes":""},"categories":[5],"tags":[47],"class_list":["post-2392","post","type-post","status-publish","format-standard","has-post-thumbnail","hentry","category-destaques","tag-47"],"_links":{"self":[{"href":"https:\/\/jf-alferce.pt\/index.php?rest_route=\/wp\/v2\/posts\/2392","targetHints":{"allow":["GET"]}}],"collection":[{"href":"https:\/\/jf-alferce.pt\/index.php?rest_route=\/wp\/v2\/posts"}],"about":[{"href":"https:\/\/jf-alferce.pt\/index.php?rest_route=\/wp\/v2\/types\/post"}],"author":[{"embeddable":true,"href":"https:\/\/jf-alferce.pt\/index.php?rest_route=\/wp\/v2\/users\/2"}],"replies":[{"embeddable":true,"href":"https:\/\/jf-alferce.pt\/index.php?rest_route=%2Fwp%2Fv2%2Fcomments&post=2392"}],"version-history":[{"count":3,"href":"https:\/\/jf-alferce.pt\/index.php?rest_route=\/wp\/v2\/posts\/2392\/revisions"}],"predecessor-version":[{"id":2397,"href":"https:\/\/jf-alferce.pt\/index.php?rest_route=\/wp\/v2\/posts\/2392\/revisions\/2397"}],"wp:featuredmedia":[{"embeddable":true,"href":"https:\/\/jf-alferce.pt\/index.php?rest_route=\/wp\/v2\/media\/2396"}],"wp:attachment":[{"href":"https:\/\/jf-alferce.pt\/index.php?rest_route=%2Fwp%2Fv2%2Fmedia&parent=2392"}],"wp:term":[{"taxonomy":"category","embeddable":true,"href":"https:\/\/jf-alferce.pt\/index.php?rest_route=%2Fwp%2Fv2%2Fcategories&post=2392"},{"taxonomy":"post_tag","embeddable":true,"href":"https:\/\/jf-alferce.pt\/index.php?rest_route=%2Fwp%2Fv2%2Ftags&post=2392"}],"curies":[{"name":"wp","href":"https:\/\/api.w.org\/{rel}","templated":true}]}}