{"id":2398,"date":"2026-02-08T21:54:07","date_gmt":"2026-02-08T21:54:07","guid":{"rendered":"https:\/\/jf-alferce.pt\/?p=2398"},"modified":"2026-02-08T21:54:07","modified_gmt":"2026-02-08T21:54:07","slug":"passadico-do-barranco-do-demo-reaberto-a-partir-de-09-02-2026","status":"publish","type":"post","link":"https:\/\/jf-alferce.pt\/?p=2398","title":{"rendered":"Passadi\u00e7o do Barranco do Demo &#8211; Reaberto a partir de 09\/02\/2026"},"content":{"rendered":"<p>Na sequ\u00eancia da ativa\u00e7\u00e3o do Plano Municipal de Emerg\u00eancia e prote\u00e7\u00e3o Civil de Monchique, a Comiss\u00e3o Municipal de Prote\u00e7\u00e3o Civil deliberou a reposi\u00e7\u00e3o da normalidade do funcionamento de v\u00e1rias val\u00eancias do concelho, no qual se incluem o Passadi\u00e7o do Barranco do Demo, a partir de amanh\u00e3, dia 9 de Fevereiro de 2026.<\/p>\n<p>Tenha acesso \u00e0 informa\u00e7\u00e3o integral atrav\u00e9s da leitura do comunicado de imprensa so Municipio de Monchique.<\/p>\n<p>&nbsp;<\/p>\n","protected":false},"excerpt":{"rendered":"<p>Na sequ\u00eancia da ativa\u00e7\u00e3o do Plano Municipal de Emerg\u00eancia e prote\u00e7\u00e3o Civil de Monchique, a Comiss\u00e3o Municipal de Prote\u00e7\u00e3o Civil deliberou a reposi\u00e7\u00e3o da normalidade do funcionamento de v\u00e1rias val\u00eancias do concelho, no qual se incluem o Passadi\u00e7o do Barranco do Demo, a partir de amanh\u00e3, dia 9 de Fevereiro de 2026. Tenha acesso \u00e0 [&hellip;]<\/p>\n","protected":false},"author":2,"featured_media":2401,"comment_status":"closed","ping_status":"open","sticky":false,"template":"","format":"standard","meta":{"footnotes":""},"categories":[5],"tags":[47],"class_list":["post-2398","post","type-post","status-publish","format-standard","has-post-thumbnail","hentry","category-destaques","tag-47"],"_links":{"self":[{"href":"https:\/\/jf-alferce.pt\/index.php?rest_route=\/wp\/v2\/posts\/2398","targetHints":{"allow":["GET"]}}],"collection":[{"href":"https:\/\/jf-alferce.pt\/index.php?rest_route=\/wp\/v2\/posts"}],"about":[{"href":"https:\/\/jf-alferce.pt\/index.php?rest_route=\/wp\/v2\/types\/post"}],"author":[{"embeddable":true,"href":"https:\/\/jf-alferce.pt\/index.php?rest_route=\/wp\/v2\/users\/2"}],"replies":[{"embeddable":true,"href":"https:\/\/jf-alferce.pt\/index.php?rest_route=%2Fwp%2Fv2%2Fcomments&post=2398"}],"version-history":[{"count":1,"href":"https:\/\/jf-alferce.pt\/index.php?rest_route=\/wp\/v2\/posts\/2398\/revisions"}],"predecessor-version":[{"id":2402,"href":"https:\/\/jf-alferce.pt\/index.php?rest_route=\/wp\/v2\/posts\/2398\/revisions\/2402"}],"wp:featuredmedia":[{"embeddable":true,"href":"https:\/\/jf-alferce.pt\/index.php?rest_route=\/wp\/v2\/media\/2401"}],"wp:attachment":[{"href":"https:\/\/jf-alferce.pt\/index.php?rest_route=%2Fwp%2Fv2%2Fmedia&parent=2398"}],"wp:term":[{"taxonomy":"category","embeddable":true,"href":"https:\/\/jf-alferce.pt\/index.php?rest_route=%2Fwp%2Fv2%2Fcategories&post=2398"},{"taxonomy":"post_tag","embeddable":true,"href":"https:\/\/jf-alferce.pt\/index.php?rest_route=%2Fwp%2Fv2%2Ftags&post=2398"}],"curies":[{"name":"wp","href":"https:\/\/api.w.org\/{rel}","templated":true}]}}