{"id":2419,"date":"2026-03-03T10:59:11","date_gmt":"2026-03-03T10:59:11","guid":{"rendered":"https:\/\/jf-alferce.pt\/?p=2419"},"modified":"2026-03-03T10:59:11","modified_gmt":"2026-03-03T10:59:11","slug":"rota-das-destilas-5a-edicao-esgotado","status":"publish","type":"post","link":"https:\/\/jf-alferce.pt\/?p=2419","title":{"rendered":"Rota das Destilas &#8211; 5\u00aa Edi\u00e7\u00e3o &#8211; ESGOTADO"},"content":{"rendered":"<div class=\"xdj266r x14z9mp xat24cr x1lziwak x1vvkbs x126k92a\">\n<div dir=\"auto\">Rota das Destilas \u2013 5.\u00aa Edi\u00e7\u00e3o | ESGOTADO!<\/div>\n<\/div>\n<div class=\"x14z9mp xat24cr x1lziwak x1vvkbs xtlvy1s x126k92a\">\n<div dir=\"auto\">Devido ao n\u00famero de lugares limitado ao espa\u00e7o dispon\u00edvel nas adegas e considerando que j\u00e1 n\u00e3o \u00e9 poss\u00edvel aceitar mais inscri\u00e7\u00f5es, a Freguesia de Alferce informa que a Rota das Destilas est\u00e1 esgotada.<\/div>\n<\/div>\n<div class=\"x14z9mp xat24cr x1lziwak x1vvkbs xtlvy1s x126k92a\">\n<div dir=\"auto\">Agradecemos a todos os que garantiram a sua inscri\u00e7\u00e3o e que v\u00e3o marcar presen\u00e7a neste evento.<\/div>\n<\/div>\n","protected":false},"excerpt":{"rendered":"<p>Rota das Destilas \u2013 5.\u00aa Edi\u00e7\u00e3o | ESGOTADO! Devido ao n\u00famero de lugares limitado ao espa\u00e7o dispon\u00edvel nas adegas e considerando que j\u00e1 n\u00e3o \u00e9 poss\u00edvel aceitar mais inscri\u00e7\u00f5es, a Freguesia de Alferce informa que a Rota das Destilas est\u00e1 esgotada. Agradecemos a todos os que garantiram a sua inscri\u00e7\u00e3o e que v\u00e3o marcar presen\u00e7a [&hellip;]<\/p>\n","protected":false},"author":2,"featured_media":2420,"comment_status":"closed","ping_status":"open","sticky":false,"template":"","format":"standard","meta":{"footnotes":""},"categories":[5],"tags":[47],"class_list":["post-2419","post","type-post","status-publish","format-standard","has-post-thumbnail","hentry","category-destaques","tag-47"],"_links":{"self":[{"href":"https:\/\/jf-alferce.pt\/index.php?rest_route=\/wp\/v2\/posts\/2419","targetHints":{"allow":["GET"]}}],"collection":[{"href":"https:\/\/jf-alferce.pt\/index.php?rest_route=\/wp\/v2\/posts"}],"about":[{"href":"https:\/\/jf-alferce.pt\/index.php?rest_route=\/wp\/v2\/types\/post"}],"author":[{"embeddable":true,"href":"https:\/\/jf-alferce.pt\/index.php?rest_route=\/wp\/v2\/users\/2"}],"replies":[{"embeddable":true,"href":"https:\/\/jf-alferce.pt\/index.php?rest_route=%2Fwp%2Fv2%2Fcomments&post=2419"}],"version-history":[{"count":1,"href":"https:\/\/jf-alferce.pt\/index.php?rest_route=\/wp\/v2\/posts\/2419\/revisions"}],"predecessor-version":[{"id":2421,"href":"https:\/\/jf-alferce.pt\/index.php?rest_route=\/wp\/v2\/posts\/2419\/revisions\/2421"}],"wp:featuredmedia":[{"embeddable":true,"href":"https:\/\/jf-alferce.pt\/index.php?rest_route=\/wp\/v2\/media\/2420"}],"wp:attachment":[{"href":"https:\/\/jf-alferce.pt\/index.php?rest_route=%2Fwp%2Fv2%2Fmedia&parent=2419"}],"wp:term":[{"taxonomy":"category","embeddable":true,"href":"https:\/\/jf-alferce.pt\/index.php?rest_route=%2Fwp%2Fv2%2Fcategories&post=2419"},{"taxonomy":"post_tag","embeddable":true,"href":"https:\/\/jf-alferce.pt\/index.php?rest_route=%2Fwp%2Fv2%2Ftags&post=2419"}],"curies":[{"name":"wp","href":"https:\/\/api.w.org\/{rel}","templated":true}]}}