{"id":2422,"date":"2026-03-09T16:00:02","date_gmt":"2026-03-09T16:00:02","guid":{"rendered":"https:\/\/jf-alferce.pt\/?p=2422"},"modified":"2026-04-20T11:24:18","modified_gmt":"2026-04-20T10:24:18","slug":"festa-do-bolo-de-tacho-01-de-maio-2026","status":"publish","type":"post","link":"https:\/\/jf-alferce.pt\/?p=2422","title":{"rendered":"Festa do Bolo de Tacho &#8211; 01 de Maio 2026"},"content":{"rendered":"<h2>Programa<\/h2>\n<p><strong>09h00 \u2013 Passeio Pedestre \u2013 Concentra\u00e7\u00e3o em Alferce<\/strong><\/p>\n<p><strong>\u00a0 \u00a0 \u00a0 \u00a0 \u00a0 \u00a0 \u00a0 \u00a0 \u00a0Inscri\u00e7\u00f5es abertas at\u00e9 24 Abril 2026<br \/>\n<\/strong>\u00a0 \u00a0 \u00a0 \u00a0 \u00a0 \u00a0 \u00a0 \u00a0 \u00a0\u00a0<a href=\"mailto:geral@jf-alferce.pt\">geral@jf-alferce.pt<\/a>\u00a0| 282 912 126 | 962 149 142<\/p>\n<p><strong>11h00 \u2013 Abertura da Feira de Artesanato e Tasquinhas\u00a0<\/strong><\/p>\n<p><strong>14h00 \u2013 Anima\u00e7\u00e3o Musical\u00a0<\/strong><\/p>\n<ul>\n<li>Toz\u00e9 Pratas &amp; Dina Teresa<\/li>\n<li>Os Ganh\u00f5es de Castro Verde<\/li>\n<\/ul>\n","protected":false},"excerpt":{"rendered":"<p>Programa 09h00 \u2013 Passeio Pedestre \u2013 Concentra\u00e7\u00e3o em Alferce \u00a0 \u00a0 \u00a0 \u00a0 \u00a0 \u00a0 \u00a0 \u00a0 \u00a0Inscri\u00e7\u00f5es abertas at\u00e9 24 Abril 2026 \u00a0 \u00a0 \u00a0 \u00a0 \u00a0 \u00a0 \u00a0 \u00a0 \u00a0\u00a0geral@jf-alferce.pt\u00a0| 282 912 126 | 962 149 142 11h00 \u2013 Abertura da Feira de Artesanato e Tasquinhas\u00a0 14h00 \u2013 Anima\u00e7\u00e3o Musical\u00a0 Toz\u00e9 Pratas &amp; [&hellip;]<\/p>\n","protected":false},"author":2,"featured_media":2424,"comment_status":"closed","ping_status":"open","sticky":false,"template":"","format":"standard","meta":{"footnotes":""},"categories":[5],"tags":[47],"class_list":["post-2422","post","type-post","status-publish","format-standard","has-post-thumbnail","hentry","category-destaques","tag-47"],"_links":{"self":[{"href":"https:\/\/jf-alferce.pt\/index.php?rest_route=\/wp\/v2\/posts\/2422","targetHints":{"allow":["GET"]}}],"collection":[{"href":"https:\/\/jf-alferce.pt\/index.php?rest_route=\/wp\/v2\/posts"}],"about":[{"href":"https:\/\/jf-alferce.pt\/index.php?rest_route=\/wp\/v2\/types\/post"}],"author":[{"embeddable":true,"href":"https:\/\/jf-alferce.pt\/index.php?rest_route=\/wp\/v2\/users\/2"}],"replies":[{"embeddable":true,"href":"https:\/\/jf-alferce.pt\/index.php?rest_route=%2Fwp%2Fv2%2Fcomments&post=2422"}],"version-history":[{"count":3,"href":"https:\/\/jf-alferce.pt\/index.php?rest_route=\/wp\/v2\/posts\/2422\/revisions"}],"predecessor-version":[{"id":2820,"href":"https:\/\/jf-alferce.pt\/index.php?rest_route=\/wp\/v2\/posts\/2422\/revisions\/2820"}],"wp:featuredmedia":[{"embeddable":true,"href":"https:\/\/jf-alferce.pt\/index.php?rest_route=\/wp\/v2\/media\/2424"}],"wp:attachment":[{"href":"https:\/\/jf-alferce.pt\/index.php?rest_route=%2Fwp%2Fv2%2Fmedia&parent=2422"}],"wp:term":[{"taxonomy":"category","embeddable":true,"href":"https:\/\/jf-alferce.pt\/index.php?rest_route=%2Fwp%2Fv2%2Fcategories&post=2422"},{"taxonomy":"post_tag","embeddable":true,"href":"https:\/\/jf-alferce.pt\/index.php?rest_route=%2Fwp%2Fv2%2Ftags&post=2422"}],"curies":[{"name":"wp","href":"https:\/\/api.w.org\/{rel}","templated":true}]}}